{"id":2346,"date":"2018-12-25T13:13:25","date_gmt":"2018-12-25T18:13:25","guid":{"rendered":"http:\/\/www.jeanmarcpelletier.net\/blog\/?p=2346"},"modified":"2018-12-25T21:24:15","modified_gmt":"2018-12-26T02:24:15","slug":"gilets-jaunes-et-si-les-epargnes-des-salaries-et-des-retraites-etaient-radiees-lors-dune-crise-financiere-similaire-a-celle-de-2008-2009","status":"publish","type":"post","link":"http:\/\/www.jeanmarcpelletier.net\/blog\/2018\/12\/25\/gilets-jaunes-et-si-les-epargnes-des-salaries-et-des-retraites-etaient-radiees-lors-dune-crise-financiere-similaire-a-celle-de-2008-2009\/","title":{"rendered":"\u00ab\u00a0Gilets jaunes\u00a0\u00bb: et si les \u00e9pargnes des salari\u00e9s et des retrait\u00e9s \u00e9taient \u00ab\u00a0saisies\u00a0\u00bb par votre institution bancaire lors d&rsquo;une crise financi\u00e8re similaire \u00e0 celle de 2008-2009?"},"content":{"rendered":"<p>Une manchette du journal t\u00e9l\u00e9vis\u00e9 FranceInfo: les Fran\u00e7ais omettent de s\u00e9curiser leurs avoirs et les laissent dans leurs comptes bancaires courants &#8211; d\u00e9p\u00f4ts \u00e0 vue -. Une croissance de 50% pour les d\u00e9p\u00f4ts \u00e0 vue de 2013 \u00e0 2018 contre une augmentation d&rsquo;\u00e0 peine 4% pour les d\u00e9p\u00f4ts dans les livrets d&rsquo;\u00e9pargne.<\/p>\n<p>Pour l&rsquo;ensemble des d\u00e9p\u00f4ts, un total de 390 milliards d&rsquo;euros et une moyenne de 14 000 euros par citoyen. La cause de tout cela: de faibles rendements consentis dans les livrets d&rsquo;\u00e9pargne alors qu&rsquo;ils pr\u00e9f\u00e8rent conserver leurs liquidit\u00e9s pour les impr\u00e9vus et leurs besoins de tous les jours.<\/p>\n<p><a href=\"https:\/\/www.francetvinfo.fr\/economie\/votre-argent\/livret-a\/comptes-courants-les-francais-epargnent-moins_3115637.html\"><img loading=\"lazy\" decoding=\"async\" class=\" wp-image-2350 aligncenter\" src=\"http:\/\/www.jeanmarcpelletier.net\/blog\/wp-content\/uploads\/2018\/12\/Comptes-courants-Les-Francais-epargnent-moins-Journal-France-2-2018-12-24.jpg\" alt=\"\" width=\"672\" height=\"377\" srcset=\"http:\/\/www.jeanmarcpelletier.net\/blog\/wp-content\/uploads\/2018\/12\/Comptes-courants-Les-Francais-epargnent-moins-Journal-France-2-2018-12-24.jpg 833w, http:\/\/www.jeanmarcpelletier.net\/blog\/wp-content\/uploads\/2018\/12\/Comptes-courants-Les-Francais-epargnent-moins-Journal-France-2-2018-12-24-300x168.jpg 300w, http:\/\/www.jeanmarcpelletier.net\/blog\/wp-content\/uploads\/2018\/12\/Comptes-courants-Les-Francais-epargnent-moins-Journal-France-2-2018-12-24-768x431.jpg 768w\" sizes=\"auto, (max-width: 672px) 100vw, 672px\" \/><\/a><\/p>\n<p><a href=\"http:\/\/www.jeanmarcpelletier.net\/blog\/wp-content\/uploads\/2018\/12\/Comptes-courants-Les-Francais-epargnent-moins-Journal-France-2-2018-12-24.pdf\">Comptes courants &#8211; Les Francais epargnent moins &#8211; Journal France 2 &#8211; 2018-12-24<\/a><\/p>\n<p><a href=\"http:\/\/www.jeanmarcpelletier.net\/blog\/wp-content\/uploads\/2018\/12\/Jamais-les-Francais-nont-laisse-autant-dargent-dormir-en-banque-La-lettre-patriote-2018-12-23.pdf\">Jamais les Francais n&rsquo;ont laisse autant d&rsquo;argent dormir en banque &#8211; La lettre patriote &#8211; 2018-12-23<\/a><\/p>\n<p>Or, les nouvelles r\u00e8gles adopt\u00e9es par le comit\u00e9 de B\u00e2le &#8211; supervisant l&rsquo;ensemble du secteur financier mondial &#8211; ent\u00e9rin\u00e9es par le Parlement europ\u00e9en font en sorte que, en cas de crise financi\u00e8re similaire \u00e0 celle de 2008-2009, les d\u00e9p\u00f4ts \u00e0 vue des salari\u00e9s et retrait\u00e9s \u00ab\u00a0gilets jaunes\u00a0\u00bb pourraient \u00eatre \u00ab\u00a0conscrits\u00a0\u00bb afin de sauvegarder et de renflouer les institutions bancaires de d\u00e9tail (Banque populaire, Soci\u00e9t\u00e9 g\u00e9n\u00e9rale, Cr\u00e9dit Lyonnais,&#8230;) si celles-ci se retrouvaient en situation financi\u00e8re \u00ab\u00a0critique\u00a0\u00bb. Comme ce fut le cas \u00e0 Chypre en 2013.<\/p>\n<h4>Un bref retour sur la crise financi\u00e8re de 2008-2009<\/h4>\n<p>La crise financi\u00e8re de 2008-2009 aura r\u00e9v\u00e9l\u00e9 l&rsquo;ampleur des \u00ab\u00a0faiblesses\u00a0\u00bb caract\u00e9risant le monde financier et le secteur bancaire alors que des fonds publics ont d\u00fb \u00eatre appel\u00e9s \u00e0 la rescousse afin d&rsquo;\u00e9viter la faillite de nombre d&rsquo;institutions bancaires de d\u00e9tail. Lesquelles s&rsquo;\u00e9taient engag\u00e9es dans des activit\u00e9s \u00e0 haut risque et, notamment, l&rsquo;achat massif de pr\u00eats hypoth\u00e9caires toxiques \u00ab\u00a0subprimes\u00a0\u00bb et la sp\u00e9culation effr\u00e9n\u00e9e autour de ces pr\u00eats dans les ann\u00e9es ant\u00e9rieures.<\/p>\n<p>A cet \u00e9gard, le visionnement du filmm \u00ab\u00a0<a href=\"https:\/\/www.youtube.com\/watch?v=8QwGJhKJW3Y\">La Casse du si\u00e8cle<\/a>\u00a0\u00bb (\u00ab\u00a0<em>The Big Short<\/em>\u00ab\u00a0) est instructif quant aux d\u00e9rives du syst\u00e8me financier \u00e0 l&rsquo;origine de la crise financi\u00e8re.<\/p>\n<p>C&rsquo;est ainsi que le Comit\u00e9 de B\u00e2le sur le contr\u00f4le bancaire CBCB (<em>\u00ab\u00a0Basel Committee on Banking Supervision\u00a0\u00bb BCBS<\/em>) a propos\u00e9 de nouvelles mesures ( B\u00e2le III) \u00e0 l&rsquo;effet que, en cas de crise dans le secteur bancaire, que les cotisants d\u00e9tenant des d\u00e9p\u00f4ts \u00e0 vue ainsi que les institutions financi\u00e8res d\u00e9tenant des cr\u00e9ances vis-\u00e0-vis une institution bancaire en difficult\u00e9 soient \u00ab\u00a0mis \u00e0 contribution\u00a0\u00bb afin de la sauvegarder et de la renflouer le cas \u00e9ch\u00e9ant.<\/p>\n<h4>Connaissez-vous le \u00ab\u00a0Bail In\u00a0\u00bb, soit les nouvelles r\u00e8gles ent\u00e9rin\u00e9es par le Parlement europ\u00e9en et permettant aux banques de saisir vos \u00e9pargnes?<\/h4>\n<p>Le Comit\u00e9 de B\u00e2le n&rsquo;\u00e9tant qu&rsquo;un comit\u00e9 consultatif, il appartient aux gouvernements des \u00e9tats supervisant des activit\u00e9s bancaires au d\u00e9tail d&rsquo;adopter et de mettre en vigueur les mesures propos\u00e9es par le comit\u00e9, ce que le Parlement europ\u00e9en a ent\u00e9rin\u00e9 et mis en application d\u00e8s 2013.<\/p>\n<p><a href=\"http:\/\/www.jeanmarcpelletier.net\/blog\/wp-content\/uploads\/2018\/12\/Le-Mecanisme-europeen-de-supervision-MSU-qui-va-surveiller-les-120-plus-grandes-banques-de-la-zone-euro-est-entre-en-vigueur-2014-11-04.pdf\">Le Mecanisme europeen de supervision (MSU) qui va surveiller les 120 plus grandes banques de la zone euro est entre en vigueur &#8211; 2014-11-04<\/a><\/p>\n<p>En quoi consistent ces nouvelles mesures?<\/p>\n<p>Essentiellement \u00e0 puiser dans les cr\u00e9ances d\u00e9tenues par des institutions financi\u00e8res, dans les comptes bancaires ainsi que chez les actionnaires les liquidit\u00e9s n\u00e9cessaires afin renflouer une institution bancaire de d\u00e9tail \u00ab\u00a0en difficult\u00e9\u00a0\u00bb, \u00e0 charge pour le comit\u00e9 de supervision mis en place pour superviser l&rsquo;op\u00e9ration de sauvetage d&rsquo;adopter &#8211; \u00e0 son gr\u00e9 &#8211; les mesures suivantes:<\/p>\n<ul>\n<li>radier les actions d\u00e9tenues par les actionnaires dans ladite institution bancaire<\/li>\n<li>radier les cr\u00e9ances (obligations\/d\u00e9bentures, garanties,&#8230;) d\u00e9tenues par des investisseurs \u00ab\u00a0externes\u00a0\u00bb (fonds de pension, fonds souverains, grands investisseurs financiers,&#8230;) dans ladite institution bancaire<\/li>\n<li>radier les certificats de d\u00e9p\u00f4t d\u00e9tenus par des cotisants \u00ab\u00a0ordinaires\u00a0\u00bb<\/li>\n<li>radier les d\u00e9p\u00f4ts dans les comptes bancaires sup\u00e9rieurs \u00e0 100 000 euros<\/li>\n<li>&#8230;<\/li>\n<\/ul>\n<p>De telles mesures ont d\u00e9j\u00e0 \u00e9t\u00e9 mises en application lors de la crise qui a affect\u00e9 le secteur bancaire \u00e0 Chypre en 2013:<\/p>\n<p><img loading=\"lazy\" decoding=\"async\" class=\" wp-image-2357 aligncenter\" src=\"http:\/\/www.jeanmarcpelletier.net\/blog\/wp-content\/uploads\/2018\/12\/Chypre-Un-cas-decole-dans-le-traitement-des-crises-bancaires-de-lUE-LAGEF.jpg\" alt=\"\" width=\"731\" height=\"312\" srcset=\"http:\/\/www.jeanmarcpelletier.net\/blog\/wp-content\/uploads\/2018\/12\/Chypre-Un-cas-decole-dans-le-traitement-des-crises-bancaires-de-lUE-LAGEF.jpg 600w, http:\/\/www.jeanmarcpelletier.net\/blog\/wp-content\/uploads\/2018\/12\/Chypre-Un-cas-decole-dans-le-traitement-des-crises-bancaires-de-lUE-LAGEF-300x128.jpg 300w\" sizes=\"auto, (max-width: 731px) 100vw, 731px\" \/><\/p>\n<p><a href=\"http:\/\/www.jeanmarcpelletier.net\/blog\/wp-content\/uploads\/2018\/12\/Chypre-Un-cas-decole-dans-le-traitement-des-crises-bancaires-de-lUE-LAGEF.pdf\">Chypre &#8211; Un cas d&rsquo;ecole dans le traitement des crises bancaires de l&rsquo;UE &#8211; L&rsquo;AGEF<\/a><\/p>\n<p>Ainsi, la crise bancaire survenue \u00e0 Chypre aura servi \u00e0 \u00ab\u00a0tester\u00a0\u00bb le nouveau m\u00e9canisme de sauvegarde de banques de d\u00e9tail en difficult\u00e9 alors que les d\u00e9tenteurs d&rsquo;obligations ont vu leurs titres de cr\u00e9ance\u00a0 \u00ab\u00a0annul\u00e9s\u00a0\u00bb et que les d\u00e9p\u00f4ts bancaires sup\u00e9rieurs \u00e0 100 000 euros ont \u00e9t\u00e9 \u00ab\u00a0nationalis\u00e9s\u00a0\u00bb (sans compensation aucune), ces fonds \u00e9tant r\u00e9inject\u00e9s afin d&rsquo;assurer la relance des institutions bancaires en difficult\u00e9.<\/p>\n<h4>La protection des d\u00e9p\u00f4ts bancaires inf\u00e9rieurs \u00e0 100 000 euros<\/h4>\n<p>Les institutions europ\u00e9ennes &#8211; tout comme les institutions aux Etats-Unis, au Canada,&#8230; &#8211; ont adopt\u00e9 une r\u00e9glementation \u00e0 l&rsquo;effet que tout d\u00e9p\u00f4t bancaire inf\u00e9rieur \u00e0 100 000 euros &#8211; 100 000 $ US, 100 000 $\u00a0 CAN,&#8230; &#8211; est enti\u00e8rement garanti par les gouvernements respectifs.<\/p>\n<p>Et, dans la mesure o\u00f9 telle protection s&rsquo;applique pour chacune des institutions bancaires sous la supervision des autorit\u00e9s gouvernementales, une invitation a scinder tout d\u00e9p\u00f4t sup\u00e9rieur \u00e0 100 000 euros aupr\u00e8s d&rsquo;institutions bancaires distinctes afin de b\u00e9n\u00e9ficier de la protection accord\u00e9e par l&rsquo;\u00e9tat \u00e0 chacune des institutions bancaires.<\/p>\n<h4>\u00ab\u00a0Je suis un petit salari\u00e9 ou un retrait\u00e9 de la classe moyenne \u00ab\u00a0inf\u00e9rieure\u00a0\u00bb, j&rsquo;ai moins de 100 000 euros en d\u00e9p\u00f4t \u00e0 vue alors je ne serai pas affect\u00e9 par les nouvelles mesures?\u00a0\u00bb<\/h4>\n<p>A l&rsquo;\u00e9vidence, dans ce groupe faisant partie de la classe moyenne \u00ab\u00a0inf\u00e9rieure\u00a0\u00bb, sans doute des d\u00e9p\u00f4ts bancaires inf\u00e9rieurs \u00e0 100 000 euros.<\/p>\n<p>Au surplus, il est peu probable que des revenus aient \u00e9t\u00e9 d\u00e9gag\u00e9s afin de les investir dans des fonds communs de placement ou dans des r\u00e9gimes priv\u00e9s de retraite susceptibles d&rsquo;avoir allou\u00e9 des fonds aupr\u00e8s des institutions bancaires.<\/p>\n<p><img loading=\"lazy\" decoding=\"async\" class=\" wp-image-2376 aligncenter\" src=\"http:\/\/www.jeanmarcpelletier.net\/blog\/wp-content\/uploads\/2018\/12\/France-Fiscalite-impots-redistribution-modifie.jpg\" alt=\"\" width=\"794\" height=\"598\" srcset=\"http:\/\/www.jeanmarcpelletier.net\/blog\/wp-content\/uploads\/2018\/12\/France-Fiscalite-impots-redistribution-modifie.jpg 579w, http:\/\/www.jeanmarcpelletier.net\/blog\/wp-content\/uploads\/2018\/12\/France-Fiscalite-impots-redistribution-modifie-300x226.jpg 300w\" sizes=\"auto, (max-width: 794px) 100vw, 794px\" \/><\/p>\n<p>&nbsp;<\/p>\n<h4>\u00ab\u00a0Je suis un salari\u00e9 ou un retrait\u00e9 de la classe moyenne \u00ab\u00a0moyenne\u00a0\u00bb ou de la classe moyenne \u00ab\u00a0sup\u00e9rieure\u00a0\u00bb,\u00a0 serais-je affect\u00e9 par les nouvelles mesures?\u00a0\u00bb<\/h4>\n<p>Dans ce cas et tel qu&rsquo;en t\u00e9moigne la r\u00e9solution de la crise bancaire \u00e0 Chypre en 2013, s&rsquo;il d\u00e9tient des d\u00e9p\u00f4ts \u00e0 vue sup\u00e9rieurs \u00e0 100 ooo euros dans une institution bancaire en difficult\u00e9, nul doute que ces d\u00e9p\u00f4ts seront saisis et mis \u00e0 contribution afin de restructurer l&rsquo;institution bancaire sous administration par le comit\u00e9 charg\u00e9 d&rsquo;en superviser la restructuration. Qui plus est, s&rsquo;il d\u00e9tient des certificats de d\u00e9p\u00f4ts \u00e9mis par l&rsquo;institution bancaire, ceux-ci seront \u00e9galement \u00ab\u00a0radi\u00e9s\u00a0\u00bb par le comit\u00e9, sans autre forme de compensation.<\/p>\n<p>Au surplus, dans la mesure o\u00f9 des revenus auraient \u00e9t\u00e9 d\u00e9gag\u00e9s pour les investir dans des fonds communs de placement ou dans des r\u00e9gimes priv\u00e9s de retraite ou autres v\u00e9hicules financiers, les cr\u00e9ances d\u00e9tenues par ces institutions financi\u00e8res dans des institutions bancaires pourraient \u00eatre \u00ab\u00a0annul\u00e9es\u00a0\u00bb et, par effet collat\u00e9ral, radier la valeur des placements d\u00e9tenus par l&rsquo;investisseur ou qu&rsquo;il \u00ab\u00a0b\u00e9n\u00e9ficie\u00a0\u00bb d&rsquo;une rente de retraite \u00ab\u00a0all\u00e9g\u00e9e\u00a0\u00bb.<\/p>\n<h4>En conclusion, les protections qui s&rsquo;offrent aux \u00ab\u00a0gilets jaunes\u00a0\u00bb &#8211; salari\u00e9s ou retrait\u00e9s &#8211; de la classe moyenne<\/h4>\n<p>Ainsi, si les d\u00e9p\u00f4ts \u00e0 vue d\u00e9tenus dans une institution bancaire sont inf\u00e9rieurs \u00e0 100 000 euros, aucune mesure pr\u00e9ventive \u00e0 mettre en place pusique ces d\u00e9p\u00f4ts sont enti\u00e8rement garantis par l&rsquo;\u00e9tat. Alors que, si des d\u00e9p\u00f4ts sont sup\u00e9rieurs \u00e0 100 000 euros, scinder ces d\u00e9p\u00f4ts en d\u00e9p\u00f4ts \u00e0 vue inf\u00e9rieurs \u00e0 100 000 euros &#8211; d\u00e9tenus aupr\u00e8s d&rsquo;institutions bancaires distinctes &#8211; permettra de pr\u00e9server la valeur du capital.<\/p>\n<p>Et, s&rsquo;agissant de investissements engag\u00e9s via des fonds communs de placement, des r\u00e9gimes priv\u00e9s de retraite,&#8230;, s&rsquo;assurer que telles institutions minimisent le financement &#8211; sous quelque forme que ce soit &#8211; aupr\u00e8s d&rsquo;institutions bancaires.<\/p>\n","protected":false},"excerpt":{"rendered":"<p>Une manchette du journal t\u00e9l\u00e9vis\u00e9 FranceInfo: les Fran\u00e7ais omettent de s\u00e9curiser leurs avoirs et les laissent dans leurs comptes bancaires courants &#8211; d\u00e9p\u00f4ts \u00e0 vue -. Une croissance de 50% pour les d\u00e9p\u00f4ts \u00e0 vue de 2013 \u00e0 2018 contre une augmentation d&rsquo;\u00e0 peine 4% pour les d\u00e9p\u00f4ts dans les livrets d&rsquo;\u00e9pargne. Pour l&rsquo;ensemble des&#8230;<\/p>\n","protected":false},"author":1,"featured_media":0,"comment_status":"closed","ping_status":"open","sticky":false,"template":"","format":"standard","meta":{"footnotes":""},"categories":[6,4],"tags":[],"class_list":["post-2346","post","type-post","status-publish","format-standard","hentry","category-economie-finance","category-rubriques-generiques"],"_links":{"self":[{"href":"http:\/\/www.jeanmarcpelletier.net\/blog\/wp-json\/wp\/v2\/posts\/2346","targetHints":{"allow":["GET"]}}],"collection":[{"href":"http:\/\/www.jeanmarcpelletier.net\/blog\/wp-json\/wp\/v2\/posts"}],"about":[{"href":"http:\/\/www.jeanmarcpelletier.net\/blog\/wp-json\/wp\/v2\/types\/post"}],"author":[{"embeddable":true,"href":"http:\/\/www.jeanmarcpelletier.net\/blog\/wp-json\/wp\/v2\/users\/1"}],"replies":[{"embeddable":true,"href":"http:\/\/www.jeanmarcpelletier.net\/blog\/wp-json\/wp\/v2\/comments?post=2346"}],"version-history":[{"count":29,"href":"http:\/\/www.jeanmarcpelletier.net\/blog\/wp-json\/wp\/v2\/posts\/2346\/revisions"}],"predecessor-version":[{"id":2382,"href":"http:\/\/www.jeanmarcpelletier.net\/blog\/wp-json\/wp\/v2\/posts\/2346\/revisions\/2382"}],"wp:attachment":[{"href":"http:\/\/www.jeanmarcpelletier.net\/blog\/wp-json\/wp\/v2\/media?parent=2346"}],"wp:term":[{"taxonomy":"category","embeddable":true,"href":"http:\/\/www.jeanmarcpelletier.net\/blog\/wp-json\/wp\/v2\/categories?post=2346"},{"taxonomy":"post_tag","embeddable":true,"href":"http:\/\/www.jeanmarcpelletier.net\/blog\/wp-json\/wp\/v2\/tags?post=2346"}],"curies":[{"name":"wp","href":"https:\/\/api.w.org\/{rel}","templated":true}]}}